{"id":636,"date":"2026-08-17T13:54:27","date_gmt":"2026-08-17T13:54:27","guid":{"rendered":"https:\/\/favouritesoulmaltese.com\/?p=636"},"modified":"2026-08-17T13:54:30","modified_gmt":"2026-08-17T13:54:30","slug":"cuidado-pelo-bichon-maltes","status":"publish","type":"post","link":"https:\/\/favouritesoulmaltese.com\/en\/cuidado-pelo-bichon-maltes\/","title":{"rendered":"C\u00f3mo cuidar el pelo del Bich\u00f3n Malt\u00e9s: gu\u00eda completa por edad y tipo de manto"},"content":{"rendered":"\n<p class=\"wp-block-paragraph\">En <strong>Favourite Soul Maltese<\/strong> llevamos a\u00f1os respondiendo una de las preguntas que m\u00e1s nos hacen las familias:<\/p>\n\n\n\n<p class=\"wp-block-paragraph\"><strong>\u00bfC\u00f3mo cuido correctamente el pelo de mi Bich\u00f3n Malt\u00e9s?<\/strong><\/p>\n\n\n\n<p class=\"wp-block-paragraph\">La respuesta corta ser\u00eda: utilizando las herramientas adecuadas, buenos productos y, sobre todo, siendo constantes.<\/p>\n\n\n\n<p class=\"wp-block-paragraph\">La respuesta completa es esta gu\u00eda.<\/p>\n\n\n\n<p class=\"wp-block-paragraph\">El manto blanco, largo y sedoso es una de las caracter\u00edsticas m\u00e1s reconocibles del Bich\u00f3n Malt\u00e9s. Pero tambi\u00e9n necesita una rutina de cuidados espec\u00edfica para mantenerse limpio, desenredado y en buenas condiciones.<\/p>\n\n\n\n<p class=\"wp-block-paragraph\">Y no se trata \u00fanicamente de est\u00e9tica.<\/p>\n\n\n\n<p class=\"wp-block-paragraph\">El estado del pelo tambi\u00e9n puede ayudarnos a detectar cambios en la piel o en el estado general del perro. Si un manto que normalmente est\u00e1 sano empieza a perder brillo, se rompe con facilidad o cambia notablemente de aspecto sin una causa evidente, conviene prestar atenci\u00f3n y, si persiste, consultarlo con el veterinario.<\/p>\n\n\n\n<h2 class=\"wp-block-heading\">Por qu\u00e9 el pelo del Bich\u00f3n Malt\u00e9s es diferente<\/h2>\n\n\n\n<p class=\"wp-block-paragraph\">El <strong>Bich\u00f3n Malt\u00e9s no tiene subpelo<\/strong>.<\/p>\n\n\n\n<p class=\"wp-block-paragraph\">Su manto es fino, blanco, sedoso y de crecimiento continuo. Por sus caracter\u00edsticas necesita un mantenimiento diferente al de muchas otras razas.<\/p>\n\n\n\n<p class=\"wp-block-paragraph\">El pelo puede:<\/p>\n\n\n\n<ul class=\"wp-block-list\">\n<li>Enredarse con facilidad.<\/li>\n\n\n\n<li>Romperse si se cepilla de forma incorrecta.<\/li>\n\n\n\n<li>Formar nudos cerca de la ra\u00edz aunque aparentemente est\u00e9 liso por fuera.<\/li>\n\n\n\n<li>Necesitar hidrataci\u00f3n para conservar una buena textura.<\/li>\n\n\n\n<li>Requerir una rutina frecuente si queremos mantenerlo largo.<\/li>\n<\/ul>\n\n\n\n<p class=\"wp-block-paragraph\">Adem\u00e1s, el Bich\u00f3n Malt\u00e9s pierde relativamente poco pelo.<\/p>\n\n\n\n<p class=\"wp-block-paragraph\">Esto puede parecer una ventaja evidente, pero implica que el pelo que permanece en el manto necesita ser revisado y cepillado con regularidad para evitar que se vaya enredando.<\/p>\n\n\n\n<p class=\"wp-block-paragraph\">Por eso, <strong>el cuidado del pelo del Bich\u00f3n Malt\u00e9s tiene sus propias reglas<\/strong>.<\/p>\n\n\n\n<h2 class=\"wp-block-heading\">Las herramientas b\u00e1sicas para cuidar el pelo del Bich\u00f3n Malt\u00e9s<\/h2>\n\n\n\n<p class=\"wp-block-paragraph\">No hace falta tener una enorme colecci\u00f3n de utensilios.<\/p>\n\n\n\n<p class=\"wp-block-paragraph\">Lo importante es elegir correctamente los que utilizamos.<\/p>\n\n\n\n<h3 class=\"wp-block-heading\">Cepillo de mantequilla<\/h3>\n\n\n\n<p class=\"wp-block-paragraph\">El <strong>cepillo de mantequilla<\/strong> es una de las herramientas principales para el mantenimiento del manto.<\/p>\n\n\n\n<p class=\"wp-block-paragraph\">Se trata de un cepillo de p\u00faas met\u00e1licas con una base flexible, dise\u00f1ado para trabajar mantos largos y delicados.<\/p>\n\n\n\n<p class=\"wp-block-paragraph\">Un buen cepillo debe permitir trabajar el pelo por capas y llegar correctamente hasta las zonas pr\u00f3ximas a la ra\u00edz sin dar tirones innecesarios.<\/p>\n\n\n\n<p class=\"wp-block-paragraph\">Uno de los errores m\u00e1s habituales es utilizar un cepillo con p\u00faas demasiado cortas.<\/p>\n\n\n\n<p class=\"wp-block-paragraph\">Aparentemente el resultado puede parecer correcto porque la capa exterior queda lisa. Sin embargo, por debajo pueden empezar a formarse peque\u00f1os nudos y zonas apelmazadas.<\/p>\n\n\n\n<p class=\"wp-block-paragraph\">Si no se detectan a tiempo, esos nudos pueden terminar formando una masa muy dif\u00edcil de trabajar.<\/p>\n\n\n\n<h3 class=\"wp-block-heading\">Peine met\u00e1lico<\/h3>\n\n\n\n<p class=\"wp-block-paragraph\">Despu\u00e9s del cepillo recomendamos realizar una \u00faltima revisi\u00f3n con <strong>peine met\u00e1lico<\/strong>.<\/p>\n\n\n\n<p class=\"wp-block-paragraph\">El peine funciona como herramienta de control.<\/p>\n\n\n\n<p class=\"wp-block-paragraph\">Permite comprobar si realmente hemos desenredado el manto de ra\u00edz a punta y resulta especialmente \u00fatil en zonas donde los nudos aparecen con m\u00e1s facilidad:<\/p>\n\n\n\n<ul class=\"wp-block-list\">\n<li>Detr\u00e1s de las orejas.<\/li>\n\n\n\n<li>Axilas.<\/li>\n\n\n\n<li>Ingles.<\/li>\n\n\n\n<li>Cuello.<\/li>\n\n\n\n<li>Patas.<\/li>\n\n\n\n<li>Zona perianal.<\/li>\n<\/ul>\n\n\n\n<p class=\"wp-block-paragraph\">La referencia es sencilla:<\/p>\n\n\n\n<p class=\"wp-block-paragraph\"><strong>si el peine pasa suavemente desde la ra\u00edz hasta las puntas, esa zona est\u00e1 correctamente trabajada.<\/strong><\/p>\n\n\n\n<p class=\"wp-block-paragraph\">Si encontramos resistencia, todav\u00eda queda alg\u00fan peque\u00f1o nudo que conviene solucionar antes de terminar.<\/p>\n\n\n\n<h2 class=\"wp-block-heading\">La regla m\u00e1s importante: no cepillar el pelo completamente seco<\/h2>\n\n\n\n<p class=\"wp-block-paragraph\">Uno de los errores que m\u00e1s vemos es <strong>cepillar el manto completamente seco<\/strong>.<\/p>\n\n\n\n<p class=\"wp-block-paragraph\">Trabajar as\u00ed puede generar electricidad est\u00e1tica, aumentar la rotura del pelo y hacer que el cepillado resulte m\u00e1s inc\u00f3modo para el perro.<\/p>\n\n\n\n<p class=\"wp-block-paragraph\">Por eso recomendamos humedecer ligeramente el manto antes de empezar.<\/p>\n\n\n\n<p class=\"wp-block-paragraph\">Puede utilizarse:<\/p>\n\n\n\n<ul class=\"wp-block-list\">\n<li>Un spray espec\u00edfico para peinado.<\/li>\n\n\n\n<li>Un acondicionador bif\u00e1sico adecuado para perros.<\/li>\n\n\n\n<li>Un producto desenredante formulado para mantos largos.<\/li>\n<\/ul>\n\n\n\n<p class=\"wp-block-paragraph\">No se trata de empapar el pelo, sino de proporcionarle una ligera humedad que facilite el trabajo.<\/p>\n\n\n\n<p class=\"wp-block-paragraph\">Despu\u00e9s cepillamos <strong>por capas y desde las puntas hacia la ra\u00edz<\/strong>, avanzando progresivamente.<\/p>\n\n\n\n<h2 class=\"wp-block-heading\">Antes del ba\u00f1o: cepillar y revisar los nudos<\/h2>\n\n\n\n<p class=\"wp-block-paragraph\">Antes de ba\u00f1ar a un Bich\u00f3n Malt\u00e9s conviene revisar completamente el manto.<\/p>\n\n\n\n<p class=\"wp-block-paragraph\">Si encontramos nudos, es mejor trabajarlos antes.<\/p>\n\n\n\n<p class=\"wp-block-paragraph\">Existe la idea de que el agua ayudar\u00e1 a deshacerlos, pero normalmente ocurre lo contrario: <strong>un nudo mojado puede compactarse y resultar todav\u00eda m\u00e1s dif\u00edcil de eliminar posteriormente<\/strong>.<\/p>\n\n\n\n<p class=\"wp-block-paragraph\">Por eso, antes de entrar en la ba\u00f1era:<\/p>\n\n\n\n<ol class=\"wp-block-list\">\n<li>Revisamos el pelo.<\/li>\n\n\n\n<li>Localizamos posibles nudos.<\/li>\n\n\n\n<li>Los trabajamos con suavidad.<\/li>\n\n\n\n<li>Comprobamos con el peine que el manto est\u00e1 suelto.<\/li>\n<\/ol>\n\n\n\n<p class=\"wp-block-paragraph\">Dedicar unos minutos a este paso puede ahorrar mucho trabajo despu\u00e9s.<\/p>\n\n\n\n<h2 class=\"wp-block-heading\">C\u00f3mo ba\u00f1ar correctamente a un Bich\u00f3n Malt\u00e9s<\/h2>\n\n\n\n<p class=\"wp-block-paragraph\">La frecuencia del ba\u00f1o depender\u00e1 de la longitud del pelo, el estilo de vida del perro y el estado de su manto.<\/p>\n\n\n\n<p class=\"wp-block-paragraph\">En perros de compa\u00f1\u00eda con manto largo, una rutina aproximada de <strong>7 a 10 d\u00edas<\/strong> puede ser habitual cuando se desea mantener el pelo en condiciones \u00f3ptimas.<\/p>\n\n\n\n<p class=\"wp-block-paragraph\">Si el pelo se lleva m\u00e1s corto, la frecuencia puede adaptarse.<\/p>\n\n\n\n<p class=\"wp-block-paragraph\">M\u00e1s importante que seguir una fecha exacta es realizar correctamente todo el proceso de lavado, hidrataci\u00f3n y secado.<\/p>\n\n\n\n<h2 class=\"wp-block-heading\">C\u00f3mo aplicar el champ\u00fa<\/h2>\n\n\n\n<p class=\"wp-block-paragraph\">Los productos profesionales para mantos largos suelen indicar una determinada diluci\u00f3n en agua.<\/p>\n\n\n\n<p class=\"wp-block-paragraph\">Hay que seguir siempre las instrucciones espec\u00edficas del fabricante.<\/p>\n\n\n\n<p class=\"wp-block-paragraph\">Durante el ba\u00f1o debemos evitar un error muy frecuente:<\/p>\n\n\n\n<p class=\"wp-block-paragraph\"><strong>frotar y revolver el pelo como si estuvi\u00e9ramos lavando nuestro propio cabello.<\/strong><\/p>\n\n\n\n<p class=\"wp-block-paragraph\">Ese movimiento puede favorecer la aparici\u00f3n de nudos mientras el manto est\u00e1 mojado.<\/p>\n\n\n\n<p class=\"wp-block-paragraph\">Lo ideal es aplicar el producto suavemente <strong>siguiendo la direcci\u00f3n del crecimiento del pelo<\/strong>, distribuy\u00e9ndolo con las manos sin retorcer ni enmara\u00f1ar el manto.<\/p>\n\n\n\n<p class=\"wp-block-paragraph\">Cuando sea necesario, puede realizarse un segundo lavado.<\/p>\n\n\n\n<h2 class=\"wp-block-heading\">Despu\u00e9s del champ\u00fa: hidratar el manto<\/h2>\n\n\n\n<p class=\"wp-block-paragraph\">Despu\u00e9s del lavado aplicamos el acondicionador, b\u00e1lsamo o mascarilla correspondiente.<\/p>\n\n\n\n<p class=\"wp-block-paragraph\">La hidrataci\u00f3n es especialmente importante en un pelo largo y fino.<\/p>\n\n\n\n<p class=\"wp-block-paragraph\">Ayuda a:<\/p>\n\n\n\n<ul class=\"wp-block-list\">\n<li>Mantener una textura agradable.<\/li>\n\n\n\n<li>Facilitar el cepillado.<\/li>\n\n\n\n<li>Reducir la rotura.<\/li>\n\n\n\n<li>Evitar que el manto se vuelva excesivamente seco.<\/li>\n\n\n\n<li>Mejorar su aspecto y manejabilidad.<\/li>\n<\/ul>\n\n\n\n<p class=\"wp-block-paragraph\">El producto debe dejarse actuar el tiempo indicado y aclararse siguiendo las instrucciones del fabricante.<\/p>\n\n\n\n<h2 class=\"wp-block-heading\">Qu\u00e9 productos utilizar para el pelo del Bich\u00f3n Malt\u00e9s<\/h2>\n\n\n\n<p class=\"wp-block-paragraph\">Conviene elegir productos formulados espec\u00edficamente para <strong>mantos largos y delicados de perros<\/strong>.<\/p>\n\n\n\n<p class=\"wp-block-paragraph\">Dentro de una rutina completa podemos necesitar:<\/p>\n\n\n\n<ul class=\"wp-block-list\">\n<li>Champ\u00fa.<\/li>\n\n\n\n<li>Acondicionador o b\u00e1lsamo.<\/li>\n\n\n\n<li>Mascarilla.<\/li>\n\n\n\n<li>Spray de peinado.<\/li>\n\n\n\n<li>Producto desenredante.<\/li>\n\n\n\n<li>S\u00e9rum espec\u00edfico para el acabado.<\/li>\n<\/ul>\n\n\n\n<p class=\"wp-block-paragraph\">Entre las marcas profesionales que conocemos y solemos valorar para este tipo de manto se encuentran <strong>Iv San Bernard, Requal y Crown Royale<\/strong>, entre otras.<\/p>\n\n\n\n<p class=\"wp-block-paragraph\">Lo importante no es \u00fanicamente la marca, sino elegir una gama adecuada al estado concreto del pelo.<\/p>\n\n\n\n<h3 class=\"wp-block-heading\">\u00bfY los champ\u00fas blanqueantes?<\/h3>\n\n\n\n<p class=\"wp-block-paragraph\">Los champ\u00fas destinados a potenciar el blanco pueden resultar \u00fatiles de manera puntual.<\/p>\n\n\n\n<p class=\"wp-block-paragraph\">Sin embargo, no es necesario utilizarlos en todos los ba\u00f1os.<\/p>\n\n\n\n<p class=\"wp-block-paragraph\">Preferimos reservarlos para cuando el manto realmente lo necesita y alternarlos con productos hidratantes adecuados al pelo del perro.<\/p>\n\n\n\n<h2 class=\"wp-block-heading\">El secado es tan importante como el ba\u00f1o<\/h2>\n\n\n\n<p class=\"wp-block-paragraph\">El trabajo no termina al aclarar el champ\u00fa.<\/p>\n\n\n\n<p class=\"wp-block-paragraph\"><strong>El secado forma parte fundamental del cuidado del manto.<\/strong><\/p>\n\n\n\n<p class=\"wp-block-paragraph\">Nada m\u00e1s salir del ba\u00f1o, recomendamos envolver al perro con una toalla durante unos minutos para que absorba buena parte del exceso de agua.<\/p>\n\n\n\n<p class=\"wp-block-paragraph\">No hay que frotar.<\/p>\n\n\n\n<p class=\"wp-block-paragraph\">Frotar intensamente con una toalla puede volver a enredar el pelo que acabamos de lavar.<\/p>\n\n\n\n<p class=\"wp-block-paragraph\">Despu\u00e9s continuamos con un secador a <strong>temperatura moderada<\/strong>, trabajando el pelo al mismo tiempo con el cepillo o peine.<\/p>\n\n\n\n<p class=\"wp-block-paragraph\">De esta manera podemos ir separando el manto por capas y comprobar que queda completamente seco.<\/p>\n\n\n\n<p class=\"wp-block-paragraph\">Una vez finalizado, puede aplicarse una peque\u00f1a cantidad de s\u00e9rum espec\u00edfico para perros si el tipo de pelo lo necesita.<\/p>\n\n\n\n<h2 class=\"wp-block-heading\">Por qu\u00e9 aparecen los nudos<\/h2>\n\n\n\n<p class=\"wp-block-paragraph\">Los nudos no aparecen \u00fanicamente porque nos olvidemos de cepillar.<\/p>\n\n\n\n<p class=\"wp-block-paragraph\">Existen diferentes factores que pueden favorecerlos.<\/p>\n\n\n\n<h3 class=\"wp-block-heading\">Pelo h\u00famedo<\/h3>\n\n\n\n<p class=\"wp-block-paragraph\">Dejar zonas del manto h\u00famedas despu\u00e9s del ba\u00f1o puede facilitar que el pelo se enrede.<\/p>\n\n\n\n<p class=\"wp-block-paragraph\">Por eso es importante comprobar que se ha secado correctamente, especialmente cerca de la ra\u00edz.<\/p>\n\n\n\n<h3 class=\"wp-block-heading\">Frotar durante el ba\u00f1o<\/h3>\n\n\n\n<p class=\"wp-block-paragraph\">Mover el pelo en diferentes direcciones mientras est\u00e1 mojado puede crear nuevos enredos.<\/p>\n\n\n\n<p class=\"wp-block-paragraph\">Por eso aplicamos el champ\u00fa siguiendo la direcci\u00f3n natural del manto.<\/p>\n\n\n\n<h3 class=\"wp-block-heading\">Ropa para perros<\/h3>\n\n\n\n<p class=\"wp-block-paragraph\">La ropa genera fricci\u00f3n, especialmente alrededor de:<\/p>\n\n\n\n<ul class=\"wp-block-list\">\n<li>Axilas.<\/li>\n\n\n\n<li>Cuello.<\/li>\n\n\n\n<li>Pecho.<\/li>\n\n\n\n<li>Zonas donde apoyan las costuras.<\/li>\n<\/ul>\n\n\n\n<p class=\"wp-block-paragraph\">Si nuestro Bich\u00f3n Malt\u00e9s utiliza ropa con frecuencia, conviene revisar estas zonas cada vez que se la quitamos.<\/p>\n\n\n\n<h3 class=\"wp-block-heading\">Un cepillo que no llega a la ra\u00edz<\/h3>\n\n\n\n<p class=\"wp-block-paragraph\">Es uno de los problemas m\u00e1s habituales.<\/p>\n\n\n\n<p class=\"wp-block-paragraph\">Podemos ver un perro perfectamente peinado por fuera y descubrir despu\u00e9s una zona completamente apelmazada debajo.<\/p>\n\n\n\n<p class=\"wp-block-paragraph\">Por eso insistimos tanto en trabajar por capas y finalizar siempre con el peine met\u00e1lico.<\/p>\n\n\n\n<h3 class=\"wp-block-heading\">Alimentaci\u00f3n y estado general<\/h3>\n\n\n\n<p class=\"wp-block-paragraph\">La alimentaci\u00f3n y el estado general del perro tambi\u00e9n pueden reflejarse en la calidad del manto.<\/p>\n\n\n\n<p class=\"wp-block-paragraph\">Una dieta completa y adaptada a las necesidades individuales es fundamental.<\/p>\n\n\n\n<p class=\"wp-block-paragraph\">Si observamos un deterioro progresivo del pelo, cambios en la piel, rotura excesiva o p\u00e9rdida de calidad sin una causa externa evidente, recomendamos comentarlo con el veterinario para descartar cualquier problema.<\/p>\n\n\n\n<h2 class=\"wp-block-heading\">C\u00f3mo quitar un nudo del pelo del Bich\u00f3n Malt\u00e9s<\/h2>\n\n\n\n<p class=\"wp-block-paragraph\">La primera regla es <strong>no tirar directamente del nudo<\/strong>.<\/p>\n\n\n\n<p class=\"wp-block-paragraph\">Y tampoco empezar inmediatamente con las tijeras.<\/p>\n\n\n\n<h3 class=\"wp-block-heading\">Paso 1. Sujetar cerca de la piel<\/h3>\n\n\n\n<p class=\"wp-block-paragraph\">Sujetamos con una mano la base del mech\u00f3n, cerca de la piel.<\/p>\n\n\n\n<p class=\"wp-block-paragraph\">De esta forma evitamos transmitir el tir\u00f3n directamente al perro mientras trabajamos.<\/p>\n\n\n\n<h3 class=\"wp-block-heading\">Paso 2. Abrir el nudo con los dedos<\/h3>\n\n\n\n<p class=\"wp-block-paragraph\">Intentamos separar poco a poco las diferentes hebras.<\/p>\n\n\n\n<p class=\"wp-block-paragraph\">Siempre desde las zonas exteriores del nudo hacia dentro y con paciencia.<\/p>\n\n\n\n<h3 class=\"wp-block-heading\">Paso 3. Aplicar producto desenredante<\/h3>\n\n\n\n<p class=\"wp-block-paragraph\">Podemos utilizar un spray desenredante o un producto espec\u00edfico para facilitar el trabajo.<\/p>\n\n\n\n<p class=\"wp-block-paragraph\">Lo dejamos actuar seg\u00fan las indicaciones correspondientes.<\/p>\n\n\n\n<h3 class=\"wp-block-heading\">Paso 4. Trabajar desde las puntas hacia la ra\u00edz<\/h3>\n\n\n\n<p class=\"wp-block-paragraph\">Utilizamos el peine en movimientos cortos.<\/p>\n\n\n\n<p class=\"wp-block-paragraph\">Nunca intentamos atravesar todo el nudo de una sola pasada.<\/p>\n\n\n\n<p class=\"wp-block-paragraph\">Vamos avanzando gradualmente hasta conseguir que el peine pueda atravesar completamente el mech\u00f3n.<\/p>\n\n\n\n<h3 class=\"wp-block-heading\">Paso 5. Saber cu\u00e1ndo parar<\/h3>\n\n\n\n<p class=\"wp-block-paragraph\">Si el nudo est\u00e1 completamente apelmazado o muy pegado a la piel, <strong>lo m\u00e1s seguro es que lo valore un peluquero profesional<\/strong>.<\/p>\n\n\n\n<p class=\"wp-block-paragraph\">Especialmente cuando ser\u00eda necesario utilizar tijeras muy cerca de la piel.<\/p>\n\n\n\n<p class=\"wp-block-paragraph\">Intentar cortar un nudo pegado sin experiencia puede provocar f\u00e1cilmente una lesi\u00f3n.<\/p>\n\n\n\n<h2 class=\"wp-block-heading\">C\u00f3mo cambia el cuidado del pelo seg\u00fan la edad<\/h2>\n\n\n\n<p class=\"wp-block-paragraph\">El manto del Bich\u00f3n Malt\u00e9s va cambiando durante su crecimiento.<\/p>\n\n\n\n<p class=\"wp-block-paragraph\">Y nuestra rutina debe adaptarse.<\/p>\n\n\n\n<h2 class=\"wp-block-heading\">De 3 a 8 meses: el pelo de cachorro<\/h2>\n\n\n\n<p class=\"wp-block-paragraph\">Durante esta primera etapa encontramos un pelo:<\/p>\n\n\n\n<ul class=\"wp-block-list\">\n<li>M\u00e1s corto.<\/li>\n\n\n\n<li>Muy suave.<\/li>\n\n\n\n<li>Fino.<\/li>\n\n\n\n<li>F\u00e1cil de enredar durante el juego.<\/li>\n<\/ul>\n\n\n\n<p class=\"wp-block-paragraph\">Recomendamos acostumbrar al cachorro al <strong>cepillado frecuente, idealmente diario<\/strong>, aunque todav\u00eda tenga poco pelo.<\/p>\n\n\n\n<p class=\"wp-block-paragraph\">En esta fase hay algo incluso m\u00e1s importante que conseguir un peinado perfecto:<\/p>\n\n\n\n<p class=\"wp-block-paragraph\"><strong>ense\u00f1arle que dejarse cepillar es algo normal.<\/strong><\/p>\n\n\n\n<p class=\"wp-block-paragraph\">En Favourite Soul Maltese comenzamos este trabajo desde aproximadamente el primer mes de vida.<\/p>\n\n\n\n<p class=\"wp-block-paragraph\">Nuestros cachorros empiezan a familiarizarse con:<\/p>\n\n\n\n<ul class=\"wp-block-list\">\n<li>Cepillado.<\/li>\n\n\n\n<li>Manipulaci\u00f3n de las patas.<\/li>\n\n\n\n<li>Corte de u\u00f1as.<\/li>\n\n\n\n<li>Limpieza de la zona de los ojos.<\/li>\n\n\n\n<li>Revisi\u00f3n de orejas.<\/li>\n<\/ul>\n\n\n\n<p class=\"wp-block-paragraph\">De esta forma, cuando llegan a su nueva familia, muchas de estas rutinas ya no resultan completamente desconocidas.<\/p>\n\n\n\n<p class=\"wp-block-paragraph\">Durante esta etapa tambi\u00e9n es posible observar un pelo algo m\u00e1s ondulado o rizado, especialmente despu\u00e9s del ba\u00f1o.<\/p>\n\n\n\n<p class=\"wp-block-paragraph\">El aspecto del manto ir\u00e1 cambiando conforme aparece el pelo adulto.<\/p>\n\n\n\n<h2 class=\"wp-block-heading\">De 8 a 18 meses: transici\u00f3n del manto<\/h2>\n\n\n\n<p class=\"wp-block-paragraph\">Esta suele ser una de las fases que requiere mayor atenci\u00f3n.<\/p>\n\n\n\n<p class=\"wp-block-paragraph\">El pelo empieza a cambiar, aumenta de longitud y pueden aparecer nudos con mayor facilidad.<\/p>\n\n\n\n<p class=\"wp-block-paragraph\">Si queremos mantener un <strong>Bich\u00f3n Malt\u00e9s de pelo largo<\/strong>, durante esta etapa tendremos que ser especialmente constantes.<\/p>\n\n\n\n<p class=\"wp-block-paragraph\">Tambi\u00e9n es el momento en que muchas familias deciden optar por un corte m\u00e1s corto.<\/p>\n\n\n\n<p class=\"wp-block-paragraph\">Y es una decisi\u00f3n totalmente v\u00e1lida.<\/p>\n\n\n\n<p class=\"wp-block-paragraph\">El bienestar y la facilidad para mantener correctamente el manto deben estar por encima de intentar conservar un determinado largo.<\/p>\n\n\n\n<h2 class=\"wp-block-heading\">A partir de 18 meses: el manto adulto<\/h2>\n\n\n\n<p class=\"wp-block-paragraph\">Con el desarrollo del manto adulto aparece el aspecto m\u00e1s caracter\u00edstico del Bich\u00f3n Malt\u00e9s:<\/p>\n\n\n\n<p class=\"wp-block-paragraph\"><strong>pelo largo, blanco y sedoso.<\/strong><\/p>\n\n\n\n<p class=\"wp-block-paragraph\">Cuando se mantiene largo puede superar la altura del propio perro.<\/p>\n\n\n\n<p class=\"wp-block-paragraph\">Para conservarlo en buenas condiciones necesitamos:<\/p>\n\n\n\n<ul class=\"wp-block-list\">\n<li>Cepillado frecuente.<\/li>\n\n\n\n<li>Hidrataci\u00f3n.<\/li>\n\n\n\n<li>Ba\u00f1os regulares.<\/li>\n\n\n\n<li>Secado completo.<\/li>\n\n\n\n<li>Revisi\u00f3n de puntas.<\/li>\n\n\n\n<li>Peluquer\u00eda cuando sea necesaria.<\/li>\n<\/ul>\n\n\n\n<h2 class=\"wp-block-heading\">Los estilos de corte m\u00e1s habituales para el Bich\u00f3n Malt\u00e9s<\/h2>\n\n\n\n<p class=\"wp-block-paragraph\">No todos los Bichones Malteses tienen que llevar el pelo largo.<\/p>\n\n\n\n<p class=\"wp-block-paragraph\">Existen diferentes estilos y podemos elegir en funci\u00f3n de nuestro gusto y del tiempo que podamos dedicar al mantenimiento.<\/p>\n\n\n\n<h3 class=\"wp-block-heading\">Pelo largo<\/h3>\n\n\n\n<p class=\"wp-block-paragraph\">Es la opci\u00f3n m\u00e1s exigente.<\/p>\n\n\n\n<p class=\"wp-block-paragraph\">Cuando queremos conservar el manto largo recomendamos un cepillado muy frecuente, aproximadamente cada uno o dos d\u00edas dependiendo del perro.<\/p>\n\n\n\n<p class=\"wp-block-paragraph\">Tambi\u00e9n requiere ba\u00f1os regulares y revisiones peri\u00f3dicas de las puntas.<\/p>\n\n\n\n<p class=\"wp-block-paragraph\">Es el estilo con mayor mantenimiento, pero tambi\u00e9n permite lucir plenamente el caracter\u00edstico manto del Bich\u00f3n Malt\u00e9s.<\/p>\n\n\n\n<h3 class=\"wp-block-heading\">Corte cachorro<\/h3>\n\n\n\n<p class=\"wp-block-paragraph\">El <strong>corte cachorro<\/strong> mantiene el pelo considerablemente m\u00e1s corto, normalmente alrededor de unos pocos cent\u00edmetros.<\/p>\n\n\n\n<p class=\"wp-block-paragraph\">Facilita mucho el mantenimiento diario y reduce la formaci\u00f3n de grandes nudos.<\/p>\n\n\n\n<p class=\"wp-block-paragraph\">Aun llevando el pelo corto, sigue siendo necesario:<\/p>\n\n\n\n<ul class=\"wp-block-list\">\n<li>Cepillar.<\/li>\n\n\n\n<li>Ba\u00f1ar.<\/li>\n\n\n\n<li>Secar correctamente.<\/li>\n\n\n\n<li>Revisar zonas de roce.<\/li>\n\n\n\n<li>Acudir peri\u00f3dicamente a la peluquer\u00eda.<\/li>\n<\/ul>\n\n\n\n<p class=\"wp-block-paragraph\">Pelo corto no significa ausencia de mantenimiento.<\/p>\n\n\n\n<h3 class=\"wp-block-heading\">Corte asi\u00e1tico<\/h3>\n\n\n\n<p class=\"wp-block-paragraph\">El <strong>corte asi\u00e1tico<\/strong> se ha hecho especialmente popular durante los \u00faltimos a\u00f1os.<\/p>\n\n\n\n<p class=\"wp-block-paragraph\">Busca jugar con el volumen y las formas redondeadas, especialmente en:<\/p>\n\n\n\n<ul class=\"wp-block-list\">\n<li>Cabeza.<\/li>\n\n\n\n<li>Hocico.<\/li>\n\n\n\n<li>Patas.<\/li>\n\n\n\n<li>Cuerpo.<\/li>\n<\/ul>\n\n\n\n<p class=\"wp-block-paragraph\">Puede resultar especialmente favorecedor en Bichones Malteses de estructura compacta, incluidos muchos ejemplares de las l\u00edneas coreanas con las que trabajamos.<\/p>\n\n\n\n<p class=\"wp-block-paragraph\">Eso s\u00ed, recomendamos buscar un <strong>peluquero con experiencia espec\u00edfica en este tipo de corte<\/strong>, ya que el resultado depende much\u00edsimo de la t\u00e9cnica.<\/p>\n\n\n\n<p class=\"wp-block-paragraph\">Como orientaci\u00f3n general, una sesi\u00f3n de mantenimiento aproximadamente mensual y una peluquer\u00eda m\u00e1s completa cada seis u ocho semanas pueden ser una buena referencia, adapt\u00e1ndola siempre al corte y al crecimiento de cada perro.<\/p>\n\n\n\n<h2 class=\"wp-block-heading\">El pelo entre las almohadillas<\/h2>\n\n\n\n<p class=\"wp-block-paragraph\">Hay una zona que suele olvidarse: <strong>el pelo que crece entre las almohadillas<\/strong>.<\/p>\n\n\n\n<p class=\"wp-block-paragraph\">Cuando crece demasiado puede acumular suciedad y hacer que el perro tenga menos adherencia sobre determinados suelos.<\/p>\n\n\n\n<p class=\"wp-block-paragraph\">Por eso conviene revisarlo peri\u00f3dicamente.<\/p>\n\n\n\n<p class=\"wp-block-paragraph\">Si no tenemos experiencia utilizando tijeras o m\u00e1quina cerca de las almohadillas, lo m\u00e1s recomendable es pedir al peluquero que realice este mantenimiento durante sus visitas habituales.<\/p>\n\n\n\n<h2 class=\"wp-block-heading\">Las manchas bajo los ojos<\/h2>\n\n\n\n<p class=\"wp-block-paragraph\">Las manchas marrones o rojizas que pueden aparecer bajo los ojos son otro de los temas que m\u00e1s preocupan a las familias de Bichones Malteses.<\/p>\n\n\n\n<p class=\"wp-block-paragraph\">El pelo blanco hace que cualquier cambio de color sea especialmente visible.<\/p>\n\n\n\n<p class=\"wp-block-paragraph\">La rutina diaria de higiene y mantener correctamente el pelo alrededor de los ojos son dos aspectos importantes del mantenimiento de esta zona.<\/p>\n\n\n\n<p class=\"wp-block-paragraph\">Tenemos una gu\u00eda espec\u00edfica donde explicamos con mayor detalle c\u00f3mo cuidar las <strong>manchas lagrimales del Bich\u00f3n Malt\u00e9s<\/strong>, sus posibles causas y la rutina de limpieza.<\/p>\n\n\n\n<p class=\"wp-block-paragraph\"><strong>[Enlace interno \u2014 art\u00edculo sobre manchas lagrimales]<\/strong><\/p>\n\n\n\n<h2 class=\"wp-block-heading\">Los errores m\u00e1s habituales al cuidar el pelo del Bich\u00f3n Malt\u00e9s<\/h2>\n\n\n\n<p class=\"wp-block-paragraph\">Despu\u00e9s de a\u00f1os trabajando con la raza, hay algunos errores que vemos repetirse con frecuencia:<\/p>\n\n\n\n<ul class=\"wp-block-list\">\n<li>Cepillar el pelo completamente seco.<\/li>\n\n\n\n<li>Saltarse la revisi\u00f3n antes del ba\u00f1o.<\/li>\n\n\n\n<li>Frotar intensamente con la toalla.<\/li>\n\n\n\n<li>Dejar zonas del manto h\u00famedas.<\/li>\n\n\n\n<li>Revolver el pelo mientras aplicamos el champ\u00fa.<\/li>\n\n\n\n<li>Utilizar un cepillo que no llega correctamente a la ra\u00edz.<\/li>\n\n\n\n<li>No comprobar el resultado con peine met\u00e1lico.<\/li>\n\n\n\n<li>Dejar crecer peque\u00f1os nudos.<\/li>\n\n\n\n<li>Utilizar productos no adecuados para el manto del perro.<\/li>\n\n\n\n<li>Abusar de productos blanqueantes.<\/li>\n\n\n\n<li>Pensar que un Bich\u00f3n Malt\u00e9s con pelo corto ya no necesita cepillado.<\/li>\n<\/ul>\n\n\n\n<p class=\"wp-block-paragraph\">La mayor\u00eda de los problemas importantes empiezan siendo peque\u00f1os.<\/p>\n\n\n\n<p class=\"wp-block-paragraph\">Por eso, <strong>la constancia siempre resulta mucho m\u00e1s sencilla que intentar recuperar posteriormente un manto completamente enredado<\/strong>.<\/p>\n\n\n\n<h2 class=\"wp-block-heading\">Preguntas frecuentes sobre el cuidado del pelo del Bich\u00f3n Malt\u00e9s<\/h2>\n\n\n\n<h3 class=\"wp-block-heading\">\u00bfCon qu\u00e9 frecuencia hay que cepillar a un Bich\u00f3n Malt\u00e9s?<\/h3>\n\n\n\n<p class=\"wp-block-paragraph\">Depender\u00e1 de la edad, la longitud del pelo y el tipo de corte.<\/p>\n\n\n\n<p class=\"wp-block-paragraph\">Durante la etapa de cachorro recomendamos acostumbrarlo al cepillado diario. En adultos con pelo largo puede ser necesario trabajar el manto diariamente o cada dos d\u00edas.<\/p>\n\n\n\n<p class=\"wp-block-paragraph\">Con un corte m\u00e1s corto, varios cepillados semanales pueden resultar suficientes.<\/p>\n\n\n\n<p class=\"wp-block-paragraph\">Lo importante es no permitir que aparezcan nudos.<\/p>\n\n\n\n<h3 class=\"wp-block-heading\">\u00bfHay que cepillar al Bich\u00f3n Malt\u00e9s antes del ba\u00f1o?<\/h3>\n\n\n\n<p class=\"wp-block-paragraph\">S\u00ed.<\/p>\n\n\n\n<p class=\"wp-block-paragraph\">Conviene revisar y desenredar el manto antes de mojarlo.<\/p>\n\n\n\n<p class=\"wp-block-paragraph\">Los nudos pueden compactarse al entrar en contacto con el agua y resultar despu\u00e9s m\u00e1s dif\u00edciles de trabajar.<\/p>\n\n\n\n<h3 class=\"wp-block-heading\">\u00bfC\u00f3mo se seca correctamente el pelo del Bich\u00f3n Malt\u00e9s?<\/h3>\n\n\n\n<p class=\"wp-block-paragraph\">Primero retiramos el exceso de agua con una toalla sin frotar.<\/p>\n\n\n\n<p class=\"wp-block-paragraph\">Despu\u00e9s utilizamos un secador a temperatura moderada mientras trabajamos el pelo por capas con cepillo o peine.<\/p>\n\n\n\n<p class=\"wp-block-paragraph\">Debemos comprobar que el manto queda completamente seco, tambi\u00e9n cerca de la ra\u00edz.<\/p>\n\n\n\n<h3 class=\"wp-block-heading\">\u00bfQu\u00e9 ocurre si no cepillo regularmente a mi Bich\u00f3n Malt\u00e9s?<\/h3>\n\n\n\n<p class=\"wp-block-paragraph\">Los peque\u00f1os enredos pueden convertirse progresivamente en nudos m\u00e1s grandes y terminar formando zonas apelmazadas cerca de la piel.<\/p>\n\n\n\n<p class=\"wp-block-paragraph\">Cuando esto ocurre, adem\u00e1s de resultar inc\u00f3modo para el perro, puede llegar un momento en el que sea imposible conservar el pelo y tengamos que optar por un corte mucho m\u00e1s corto.<\/p>\n\n\n\n<h3 class=\"wp-block-heading\">\u00bfC\u00f3mo se quita un nudo del Bich\u00f3n Malt\u00e9s?<\/h3>\n\n\n\n<p class=\"wp-block-paragraph\">Sujetamos primero el mech\u00f3n cerca de la piel para evitar tirones y empezamos a abrir el nudo suavemente con los dedos.<\/p>\n\n\n\n<p class=\"wp-block-paragraph\">Despu\u00e9s podemos aplicar un producto desenredante y trabajar con peine desde las puntas hacia la ra\u00edz, en movimientos cortos.<\/p>\n\n\n\n<p class=\"wp-block-paragraph\">Si est\u00e1 completamente pegado a la piel o no conseguimos retirarlo sin molestias, debe valorarlo un peluquero profesional.<\/p>\n\n\n\n<h3 class=\"wp-block-heading\">\u00bfPuedo utilizar champ\u00fa para personas en un Bich\u00f3n Malt\u00e9s?<\/h3>\n\n\n\n<p class=\"wp-block-paragraph\">Preferimos utilizar productos formulados espec\u00edficamente para perros y adecuados a mantos largos y delicados.<\/p>\n\n\n\n<p class=\"wp-block-paragraph\">El tipo de piel y las necesidades del manto canino son diferentes, por lo que resulta m\u00e1s apropiado utilizar productos destinados espec\u00edficamente a ellos.<\/p>\n\n\n\n<h3 class=\"wp-block-heading\">\u00bfEs normal que el pelo del cachorro Bich\u00f3n Malt\u00e9s sea algo rizado?<\/h3>\n\n\n\n<p class=\"wp-block-paragraph\">S\u00ed.<\/p>\n\n\n\n<p class=\"wp-block-paragraph\">Durante la etapa de cachorro podemos encontrar algo de ondulaci\u00f3n o rizado, especialmente despu\u00e9s del ba\u00f1o.<\/p>\n\n\n\n<p class=\"wp-block-paragraph\">El aspecto y la textura van cambiando a medida que se desarrolla el manto adulto.<\/p>\n\n\n\n<h3 class=\"wp-block-heading\">\u00bfEl corte asi\u00e1tico es adecuado para un Bich\u00f3n Malt\u00e9s?<\/h3>\n\n\n\n<p class=\"wp-block-paragraph\">S\u00ed.<\/p>\n\n\n\n<p class=\"wp-block-paragraph\">Puede resultar especialmente favorecedor en Bichones Malteses de estructura compacta, pero necesita un peluquero que domine correctamente esta t\u00e9cnica.<\/p>\n\n\n\n<h3 class=\"wp-block-heading\">\u00bfEl corte cachorro da\u00f1a el pelo del Bich\u00f3n Malt\u00e9s?<\/h3>\n\n\n\n<p class=\"wp-block-paragraph\">El corte cachorro es una opci\u00f3n habitual para familias que buscan un mantenimiento m\u00e1s sencillo.<\/p>\n\n\n\n<p class=\"wp-block-paragraph\">Permite mantener al perro c\u00f3modo y cuidado sin necesidad de conservar toda la longitud del manto.<\/p>\n\n\n\n<h2 class=\"wp-block-heading\">Un manto bonito empieza con buenos h\u00e1bitos<\/h2>\n\n\n\n<p class=\"wp-block-paragraph\">Cuidar correctamente el pelo del Bich\u00f3n Malt\u00e9s <strong>no requiere ser peluquero profesional<\/strong>.<\/p>\n\n\n\n<p class=\"wp-block-paragraph\">Requiere conocer su tipo de manto, utilizar buenas herramientas y convertir el cuidado en una rutina desde cachorro.<\/p>\n\n\n\n<p class=\"wp-block-paragraph\">En <strong>Favourite Soul Maltese, criadero familiar de Bich\u00f3n Malt\u00e9s en Madrid<\/strong>, comenzamos a acostumbrar a nuestros cachorros desde sus primeras semanas al cepillado, la manipulaci\u00f3n de las patas, la limpieza de la zona de los ojos y otras rutinas b\u00e1sicas de higiene.<\/p>\n\n\n\n<p class=\"wp-block-paragraph\">Queremos que cuando lleguen a su nueva familia estas situaciones formen parte de su vida con naturalidad.<\/p>\n\n\n\n<p class=\"wp-block-paragraph\">Si tienes dudas sobre el cuidado del manto o quieres saber m\u00e1s sobre nuestros cachorros, <strong><a href=\"https:\/\/favouritesoulmaltese.com\/contacta\/\">escr\u00edbenos<\/a><\/strong> y estaremos encantados de ayudarte.<\/p>\n","protected":false},"excerpt":{"rendered":"<p>En Favourite Soul Maltese llevamos a\u00f1os respondiendo una de las preguntas que m\u00e1s nos hacen las familias: \u00bfC\u00f3mo cuido correctamente el pelo de mi Bich\u00f3n Malt\u00e9s? La respuesta corta ser\u00eda: utilizando las herramientas adecuadas, buenos productos y, sobre todo, siendo constantes. La respuesta completa es esta gu\u00eda. El manto blanco, largo y sedoso es una [&hellip;]<\/p>\n","protected":false},"author":2,"featured_media":0,"comment_status":"open","ping_status":"closed","sticky":false,"template":"","format":"standard","meta":{"footnotes":""},"categories":[1],"tags":[],"class_list":["post-636","post","type-post","status-publish","format-standard","hentry","category-uncategorized"],"_links":{"self":[{"href":"https:\/\/favouritesoulmaltese.com\/en\/wp-json\/wp\/v2\/posts\/636","targetHints":{"allow":["GET"]}}],"collection":[{"href":"https:\/\/favouritesoulmaltese.com\/en\/wp-json\/wp\/v2\/posts"}],"about":[{"href":"https:\/\/favouritesoulmaltese.com\/en\/wp-json\/wp\/v2\/types\/post"}],"author":[{"embeddable":true,"href":"https:\/\/favouritesoulmaltese.com\/en\/wp-json\/wp\/v2\/users\/2"}],"replies":[{"embeddable":true,"href":"https:\/\/favouritesoulmaltese.com\/en\/wp-json\/wp\/v2\/comments?post=636"}],"version-history":[{"count":1,"href":"https:\/\/favouritesoulmaltese.com\/en\/wp-json\/wp\/v2\/posts\/636\/revisions"}],"predecessor-version":[{"id":639,"href":"https:\/\/favouritesoulmaltese.com\/en\/wp-json\/wp\/v2\/posts\/636\/revisions\/639"}],"wp:attachment":[{"href":"https:\/\/favouritesoulmaltese.com\/en\/wp-json\/wp\/v2\/media?parent=636"}],"wp:term":[{"taxonomy":"category","embeddable":true,"href":"https:\/\/favouritesoulmaltese.com\/en\/wp-json\/wp\/v2\/categories?post=636"},{"taxonomy":"post_tag","embeddable":true,"href":"https:\/\/favouritesoulmaltese.com\/en\/wp-json\/wp\/v2\/tags?post=636"}],"curies":[{"name":"wp","href":"https:\/\/api.w.org\/{rel}","templated":true}]}}