{"id":634,"date":"2026-08-17T13:51:52","date_gmt":"2026-08-17T13:51:52","guid":{"rendered":"https:\/\/favouritesoulmaltese.com\/?p=634"},"modified":"2026-08-17T13:51:55","modified_gmt":"2026-08-17T13:51:55","slug":"bichon-maltes-barrio-salamanca-arguelles-madrid","status":"publish","type":"post","link":"https:\/\/favouritesoulmaltese.com\/en\/bichon-maltes-barrio-salamanca-arguelles-madrid\/","title":{"rendered":"Criadero de Bich\u00f3n Malt\u00e9s en el Barrio de Salamanca y Arg\u00fcelles"},"content":{"rendered":"<p class=\"wp-block-paragraph\">Hay personas que saben exactamente qu\u00e9 buscan porque ya lo han vivido antes.<\/p>\n\n\n\n<p class=\"wp-block-paragraph\">No necesitan descubrir c\u00f3mo es convivir con un Bich\u00f3n Malt\u00e9s, si puede adaptarse bien a un piso o hasta qu\u00e9 punto llega a formar parte de una familia.<\/p>\n\n\n\n<p class=\"wp-block-paragraph\">Lo saben de primera mano.<\/p>\n\n\n\n<p class=\"wp-block-paragraph\">Porque han compartido muchos a\u00f1os de su vida con uno y tambi\u00e9n saben lo dif\u00edcil que resulta cuando llega el momento de despedirse.<\/p>\n\n\n\n<p class=\"wp-block-paragraph\">Esa es precisamente la historia de una de nuestras familias del <strong>Barrio de Salamanca, en Madrid<\/strong>.<\/p>\n\n\n\n<h2 class=\"wp-block-heading\">Diecisiete a\u00f1os compartiendo la vida con un Bich\u00f3n Malt\u00e9s<\/h2>\n\n\n\n<p class=\"wp-block-paragraph\">Su madre viv\u00eda sola y durante <strong>diecisiete a\u00f1os estuvo acompa\u00f1ada por una Bich\u00f3n Malt\u00e9s hembra<\/strong>.<\/p>\n\n\n\n<p class=\"wp-block-paragraph\">Despu\u00e9s de tantos a\u00f1os juntas, aquel perro era mucho m\u00e1s que una mascota. Formaba parte de su rutina, de su casa y de su d\u00eda a d\u00eda.<\/p>\n\n\n\n<p class=\"wp-block-paragraph\">Cuando falleci\u00f3, dej\u00f3 uno de esos vac\u00edos que son dif\u00edciles de explicar.<\/p>\n\n\n\n<p class=\"wp-block-paragraph\">Su hija, que la conoc\u00eda mejor que nadie, entendi\u00f3 que quiz\u00e1 la mejor manera de devolver algo de alegr\u00eda a su d\u00eda a d\u00eda era volver a compartir su vida con un cachorro.<\/p>\n\n\n\n<p class=\"wp-block-paragraph\">As\u00ed lleg\u00f3 hasta <strong>Favorite Soul Maltese<\/strong>.<\/p>\n\n\n\n<p class=\"wp-block-paragraph\">Conoci\u00f3 nuestros cachorros, eligi\u00f3 una hembra y decidi\u00f3 hacerle ese regalo a su madre.<\/p>\n\n\n\n<p class=\"wp-block-paragraph\">Para nosotros, historias como esta tienen un valor especial.<\/p>\n\n\n\n<p class=\"wp-block-paragraph\">Porque pocas cosas hablan tanto de una raza como que una persona que ha convivido con un <strong>Bich\u00f3n Malt\u00e9s durante diecisiete a\u00f1os<\/strong> quiera volver a elegirlo.<\/p>\n\n\n\n<p class=\"wp-block-paragraph\">Y pocas cosas nos generan m\u00e1s responsabilidad que una familia conf\u00ede en nosotros para encontrar al cachorro con el que comenzar esa nueva etapa.<\/p>\n\n\n\n<h2 class=\"wp-block-heading\">Gala, la cachorra que casi se queda con nosotros<\/h2>\n\n\n\n<p class=\"wp-block-paragraph\">En <strong>Arg\u00fcelles<\/strong> viven actualmente dos cachorros de Favourite Soul Maltese.<\/p>\n\n\n\n<p class=\"wp-block-paragraph\">Uno de ellos es un macho que una madre eligi\u00f3 para su hija de once a\u00f1os.<\/p>\n\n\n\n<p class=\"wp-block-paragraph\">Hay edades en las que la llegada de un perro puede convertirse en algo muy especial. Crecer juntos, compartir juegos, rutinas y momentos cotidianos termina creando un v\u00ednculo que puede acompa\u00f1ar a un ni\u00f1o durante muchos a\u00f1os.<\/p>\n\n\n\n<p class=\"wp-block-paragraph\">El segundo cachorro es una hembra con una historia muy diferente.<\/p>\n\n\n\n<p class=\"wp-block-paragraph\">Se llama <strong>Gala<\/strong>.<\/p>\n\n\n\n<p class=\"wp-block-paragraph\">Y durante un tiempo estuvimos muy cerca de decidir que se quedara con nosotros.<\/p>\n\n\n\n<p class=\"wp-block-paragraph\">Desde que naci\u00f3 ten\u00eda algo especial.<\/p>\n\n\n\n<p class=\"wp-block-paragraph\">Era una cachorra peque\u00f1a, compacta, proporcionada y con una expresi\u00f3n que llamaba inmediatamente la atenci\u00f3n.<\/p>\n\n\n\n<p class=\"wp-block-paragraph\">Por sus caracter\u00edsticas estuvimos valorando incorporarla a nuestro programa de cr\u00eda. Finalmente decidimos que, por su tama\u00f1o y teniendo en cuenta nuestros propios criterios de selecci\u00f3n, lo mejor era que encontrara una familia.<\/p>\n\n\n\n<p class=\"wp-block-paragraph\">Y Gala se march\u00f3 a vivir a Arg\u00fcelles.<\/p>\n\n\n\n<h2 class=\"wp-block-heading\">Una Bich\u00f3n Malt\u00e9s que ya viaja por el mundo<\/h2>\n\n\n\n<p class=\"wp-block-paragraph\">Su familia ya ha viajado con ella fuera de Espa\u00f1a.<\/p>\n\n\n\n<p class=\"wp-block-paragraph\">Y una de las cosas que nos cuenta su propietaria es que resulta habitual que alguien se acerque por la calle para preguntarle por Gala.<\/p>\n\n\n\n<p class=\"wp-block-paragraph\">Qu\u00e9 raza es, qu\u00e9 edad tiene o simplemente para decirle lo bonita que es.<\/p>\n\n\n\n<p class=\"wp-block-paragraph\">A nosotros no nos sorprende demasiado.<\/p>\n\n\n\n<p class=\"wp-block-paragraph\"><strong>Gala ya llamaba la atenci\u00f3n desde que era una cachorra.<\/strong><\/p>\n\n\n\n<p class=\"wp-block-paragraph\">Y representa muy bien algunas de las caracter\u00edsticas que buscamos en Favourite Soul Maltese: equilibrio, buena estructura, proporci\u00f3n, expresi\u00f3n y ese aspecto compacto que tanto valoramos dentro de nuestras l\u00edneas.<\/p>\n\n\n\n<p class=\"wp-block-paragraph\">La selecci\u00f3n gen\u00e9tica no consiste \u00fanicamente en buscar un cachorro bonito.<\/p>\n\n\n\n<p class=\"wp-block-paragraph\">Consiste en trabajar generaci\u00f3n tras generaci\u00f3n con un criterio claro para intentar mantener unas determinadas caracter\u00edsticas f\u00edsicas, de salud y de temperamento.<\/p>\n\n\n\n<h2 class=\"wp-block-heading\">Por qu\u00e9 el Bich\u00f3n Malt\u00e9s se adapta tan bien a vivir en el centro de Madrid<\/h2>\n\n\n\n<p class=\"wp-block-paragraph\">El <strong>Bich\u00f3n Malt\u00e9s es una raza especialmente adaptable a la vida urbana<\/strong>.<\/p>\n\n\n\n<p class=\"wp-block-paragraph\">Su peque\u00f1o tama\u00f1o facilita la convivencia en pisos y apartamentos y, con una rutina adecuada de paseos, estimulaci\u00f3n y compa\u00f1\u00eda, puede desenvolverse perfectamente en zonas tan urbanas como el Barrio de Salamanca, Arg\u00fcelles o cualquier otro punto del centro de Madrid.<\/p>\n\n\n\n<p class=\"wp-block-paragraph\">Pero su tama\u00f1o no es lo \u00fanico que explica por qu\u00e9 tantas familias lo eligen.<\/p>\n\n\n\n<p class=\"wp-block-paragraph\">Es un perro que suele crear un v\u00ednculo muy estrecho con las personas con las que convive.<\/p>\n\n\n\n<p class=\"wp-block-paragraph\">Puede ser un gran compa\u00f1ero para una persona que vive sola, integrarse en una familia con hijos o crecer junto a un ni\u00f1o y convertirse en una parte muy importante de su infancia.<\/p>\n\n\n\n<p class=\"wp-block-paragraph\">Como cualquier perro, necesita paseos, educaci\u00f3n, juego, estimulaci\u00f3n y tiempo con su familia.<\/p>\n\n\n\n<p class=\"wp-block-paragraph\">Pero no necesita disponer de una gran vivienda o un jard\u00edn para disfrutar de una buena calidad de vida.<\/p>\n\n\n\n<p class=\"wp-block-paragraph\">Lo importante es que sus necesidades f\u00edsicas y emocionales est\u00e9n correctamente cubiertas.<\/p>\n\n\n\n<h2 class=\"wp-block-heading\">Cr\u00eda con criterio: por qu\u00e9 no todos los Bichones Malteses son iguales<\/h2>\n\n\n\n<p class=\"wp-block-paragraph\">A primera vista, dos cachorros Bich\u00f3n Malt\u00e9s pueden parecer muy similares.<\/p>\n\n\n\n<p class=\"wp-block-paragraph\">Pero detr\u00e1s de cada uno existe una gen\u00e9tica y un trabajo de selecci\u00f3n diferente.<\/p>\n\n\n\n<p class=\"wp-block-paragraph\">Los reproductores elegidos, sus caracter\u00edsticas, su estructura, su salud, su temperamento y las l\u00edneas de las que proceden influyen en las siguientes generaciones.<\/p>\n\n\n\n<p class=\"wp-block-paragraph\">En <strong>Favorite Soul Maltese<\/strong> trabajamos con una selecci\u00f3n gen\u00e9tica cuidadosamente estudiada que incluye <strong>l\u00edneas de sangre coreanas<\/strong>, especialmente valoradas dentro de nuestro programa de cr\u00eda.<\/p>\n\n\n\n<p class=\"wp-block-paragraph\">Buscamos ejemplares con caracter\u00edsticas como:<\/p>\n\n\n\n<ul class=\"wp-block-list\">\n<li>Tama\u00f1o compacto y proporcionado.<\/li>\n\n\n\n<li>Buena estructura.<\/li>\n\n\n\n<li>Cabeza redondeada.<\/li>\n\n\n\n<li>Expresi\u00f3n dulce.<\/li>\n\n\n\n<li>Manto de buena calidad.<\/li>\n\n\n\n<li>Temperamento equilibrado.<\/li>\n\n\n\n<li>Buena adaptaci\u00f3n a la convivencia familiar.<\/li>\n<\/ul>\n\n\n\n<p class=\"wp-block-paragraph\">Nuestro objetivo nunca es perseguir \u00fanicamente un tama\u00f1o extremadamente peque\u00f1o.<\/p>\n\n\n\n<p class=\"wp-block-paragraph\"><strong>Salud, estructura, car\u00e1cter y morfolog\u00eda tienen que mantenerse en equilibrio.<\/strong><\/p>\n\n\n\n<p class=\"wp-block-paragraph\">Gala es un buen ejemplo de lo que buscamos con ese trabajo de selecci\u00f3n: una Bich\u00f3n Malt\u00e9s peque\u00f1a y proporcionada, con una presencia que llama la atenci\u00f3n incluso fuera de casa.<\/p>\n\n\n\n<h2 class=\"wp-block-heading\">C\u00f3mo es el proceso para conocer nuestros cachorros<\/h2>\n\n\n\n<p class=\"wp-block-paragraph\">Todo comienza con una conversaci\u00f3n.<\/p>\n\n\n\n<p class=\"wp-block-paragraph\">Puede ser por <strong>WhatsApp, tel\u00e9fono o videollamada<\/strong>, seg\u00fan resulte m\u00e1s c\u00f3modo.<\/p>\n\n\n\n<p class=\"wp-block-paragraph\">Nos cuentas c\u00f3mo es vuestra familia, vuestro d\u00eda a d\u00eda, si hay ni\u00f1os, si hab\u00e9is tenido perros anteriormente y qu\u00e9 tipo de cachorro est\u00e1is buscando.<\/p>\n\n\n\n<p class=\"wp-block-paragraph\">Nosotros os explicamos qu\u00e9 cachorros tenemos disponibles y cu\u00e1les podr\u00edan adaptarse mejor a vuestra situaci\u00f3n.<\/p>\n\n\n\n<p class=\"wp-block-paragraph\">Y tambi\u00e9n os contamos con claridad cuando lo que busc\u00e1is no coincide con lo que tenemos en ese momento.<\/p>\n\n\n\n<p class=\"wp-block-paragraph\">Para nosotros, la honestidad desde el principio es fundamental.<\/p>\n\n\n\n<h2 class=\"wp-block-heading\">Conocer al cachorro por videollamada<\/h2>\n\n\n\n<p class=\"wp-block-paragraph\">La videollamada puede realizarse durante el proceso de elecci\u00f3n y nos parece una manera muy natural y transparente de presentar a nuestros cachorros.<\/p>\n\n\n\n<p class=\"wp-block-paragraph\">Permite ver al cachorro en movimiento y observar mucho m\u00e1s que a trav\u00e9s de una fotograf\u00eda.<\/p>\n\n\n\n<p class=\"wp-block-paragraph\">Puedes verlo:<\/p>\n\n\n\n<ul class=\"wp-block-list\">\n<li>Caminar y jugar.<\/li>\n\n\n\n<li>Interactuar con nosotros.<\/li>\n\n\n\n<li>Relacionarse con su entorno.<\/li>\n\n\n\n<li>Mostrar parte de su car\u00e1cter.<\/li>\n\n\n\n<li>Reaccionar ante diferentes est\u00edmulos.<\/li>\n<\/ul>\n\n\n\n<p class=\"wp-block-paragraph\">Y, al mismo tiempo, puedes preguntarnos todo aquello que necesites saber.<\/p>\n\n\n\n<p class=\"wp-block-paragraph\">Sin compromiso.<\/p>\n\n\n\n<p class=\"wp-block-paragraph\">Nuestro objetivo es que las familias tengan toda la informaci\u00f3n posible antes de tomar una decisi\u00f3n.<\/p>\n\n\n\n<h2 class=\"wp-block-heading\">Visitas presenciales siempre con cita previa<\/h2>\n\n\n\n<p class=\"wp-block-paragraph\">Tambi\u00e9n realizamos <strong>visitas presenciales con cita previa<\/strong>, una vez que el cachorro cuenta con las condiciones sanitarias adecuadas para recibirlas.<\/p>\n\n\n\n<p class=\"wp-block-paragraph\">Para las familias del Barrio de Salamanca, Arg\u00fcelles o cualquier otro punto del centro de Madrid, el desplazamiento permite conocernos personalmente y ver al cachorro antes de su llegada al nuevo hogar.<\/p>\n\n\n\n<p class=\"wp-block-paragraph\">Las visitas tienen una finalidad clara: conocernos, resolver dudas y comprobar si existe una buena conexi\u00f3n con el cachorro.<\/p>\n\n\n\n<p class=\"wp-block-paragraph\">La entrega se realiza cuando llega el momento adecuado y la familia tiene preparado todo lo necesario para recibirlo.<\/p>\n\n\n\n<h2 class=\"wp-block-heading\">Por qu\u00e9 no hacemos visitas abiertas<\/h2>\n\n\n\n<p class=\"wp-block-paragraph\">Favourite Soul Maltese no funciona como un establecimiento abierto al p\u00fablico para acudir simplemente a ver cachorros.<\/p>\n\n\n\n<p class=\"wp-block-paragraph\">Las visitas se organizan <strong>con cita previa y dentro de un proceso real de inter\u00e9s<\/strong>.<\/p>\n\n\n\n<p class=\"wp-block-paragraph\">Nuestros cachorros crecen en un entorno familiar y queremos proteger sus horarios, su descanso, su salud y su tranquilidad.<\/p>\n\n\n\n<p class=\"wp-block-paragraph\">No se trata de dificultar el proceso.<\/p>\n\n\n\n<p class=\"wp-block-paragraph\">Se trata de tratar a los cachorros con el respeto que creemos que merecen y, al mismo tiempo, dedicar el tiempo necesario a cada familia que est\u00e1 valorando incorporar uno de ellos a su hogar.<\/p>\n\n\n\n<h2 class=\"wp-block-heading\">Qu\u00e9 incluye cada cachorro de Favourite Soul Maltese<\/h2>\n\n\n\n<p class=\"wp-block-paragraph\">Nuestros cachorros se entregan con los cuidados veterinarios y la documentaci\u00f3n correspondientes a su edad.<\/p>\n\n\n\n<p class=\"wp-block-paragraph\">Cada cachorro incluye:<\/p>\n\n\n\n<ul class=\"wp-block-list\">\n<li>Vacunaci\u00f3n al d\u00eda.<\/li>\n\n\n\n<li>Desparasitaci\u00f3n interna y externa.<\/li>\n\n\n\n<li>Microchip.<\/li>\n\n\n\n<li>Cartilla veterinaria.<\/li>\n\n\n\n<li>Contrato.<\/li>\n\n\n\n<li>Garant\u00eda sanitaria.<\/li>\n<\/ul>\n\n\n\n<p class=\"wp-block-paragraph\">Pero nuestra relaci\u00f3n con la familia <strong>no termina el d\u00eda de la entrega<\/strong>.<\/p>\n\n\n\n<p class=\"wp-block-paragraph\">Seguimos disponibles despu\u00e9s para resolver las dudas que puedan surgir durante la adaptaci\u00f3n y en las siguientes etapas.<\/p>\n\n\n\n<p class=\"wp-block-paragraph\">Alimentaci\u00f3n, higiene, comportamiento, rutinas, cuidados del manto o cualquier peque\u00f1a inquietud que aparezca al llegar a casa.<\/p>\n\n\n\n<p class=\"wp-block-paragraph\">Para nosotros, ese acompa\u00f1amiento tambi\u00e9n forma parte de una cr\u00eda responsable.<\/p>\n\n\n\n<h2 class=\"wp-block-heading\">\u00bfBuscas un Bich\u00f3n Malt\u00e9s en el Barrio de Salamanca, Arg\u00fcelles o el centro de Madrid?<\/h2>\n\n\n\n<p class=\"wp-block-paragraph\">Si vives en el <strong>Barrio de Salamanca, Arg\u00fcelles o cualquier otra zona del centro de Madrid<\/strong> y est\u00e1s valorando incorporar un Bich\u00f3n Malt\u00e9s a tu familia, puedes contactar con nosotros.<\/p>\n\n\n\n<p class=\"wp-block-paragraph\">No hace falta que tengas tomada una decisi\u00f3n.<\/p>\n\n\n\n<p class=\"wp-block-paragraph\">Cu\u00e9ntanos qu\u00e9 est\u00e1s buscando, c\u00f3mo es vuestra familia y qu\u00e9 dudas tienes.<\/p>\n\n\n\n<p class=\"wp-block-paragraph\">Nosotros te explicaremos con total honestidad qu\u00e9 cachorros tenemos disponibles y cu\u00e1l puede adaptarse mejor a vosotros.<\/p>\n\n\n\n<p class=\"wp-block-paragraph\"><strong><a href=\"https:\/\/favouritesoulmaltese.com\/en\/contacta\/\">Escr\u00edbenos<\/a><\/strong> y estaremos encantados de conoceros.<\/p>\n\n\n\n<p class=\"wp-block-paragraph\">\ud83d\udcf1 <strong>WhatsApp:<\/strong> +34 653 56 37 43<br>\ud83d\udce9 <strong>Email:<\/strong> <a href=\"mailto:info@favouritesoulmaltese.com\">info@favouritesoulmaltese.com<\/a><\/p>","protected":false},"excerpt":{"rendered":"<p>Hay personas que saben exactamente qu\u00e9 buscan porque ya lo han vivido antes. No necesitan descubrir c\u00f3mo es convivir con un Bich\u00f3n Malt\u00e9s, si puede adaptarse bien a un piso o hasta qu\u00e9 punto llega a formar parte de una familia. Lo saben de primera mano. Porque han compartido muchos a\u00f1os de su vida con [&hellip;]<\/p>\n","protected":false},"author":2,"featured_media":0,"comment_status":"open","ping_status":"closed","sticky":false,"template":"","format":"standard","meta":{"footnotes":""},"categories":[1],"tags":[],"class_list":["post-634","post","type-post","status-publish","format-standard","hentry","category-uncategorized"],"_links":{"self":[{"href":"https:\/\/favouritesoulmaltese.com\/en\/wp-json\/wp\/v2\/posts\/634","targetHints":{"allow":["GET"]}}],"collection":[{"href":"https:\/\/favouritesoulmaltese.com\/en\/wp-json\/wp\/v2\/posts"}],"about":[{"href":"https:\/\/favouritesoulmaltese.com\/en\/wp-json\/wp\/v2\/types\/post"}],"author":[{"embeddable":true,"href":"https:\/\/favouritesoulmaltese.com\/en\/wp-json\/wp\/v2\/users\/2"}],"replies":[{"embeddable":true,"href":"https:\/\/favouritesoulmaltese.com\/en\/wp-json\/wp\/v2\/comments?post=634"}],"version-history":[{"count":1,"href":"https:\/\/favouritesoulmaltese.com\/en\/wp-json\/wp\/v2\/posts\/634\/revisions"}],"predecessor-version":[{"id":635,"href":"https:\/\/favouritesoulmaltese.com\/en\/wp-json\/wp\/v2\/posts\/634\/revisions\/635"}],"wp:attachment":[{"href":"https:\/\/favouritesoulmaltese.com\/en\/wp-json\/wp\/v2\/media?parent=634"}],"wp:term":[{"taxonomy":"category","embeddable":true,"href":"https:\/\/favouritesoulmaltese.com\/en\/wp-json\/wp\/v2\/categories?post=634"},{"taxonomy":"post_tag","embeddable":true,"href":"https:\/\/favouritesoulmaltese.com\/en\/wp-json\/wp\/v2\/tags?post=634"}],"curies":[{"name":"wp","href":"https:\/\/api.w.org\/{rel}","templated":true}]}}